{"id":36600,"date":"2026-09-02T13:16:41","date_gmt":"2026-09-02T11:16:41","guid":{"rendered":"https:\/\/ligurealassio.it\/se-non-una-vacanza\/"},"modified":"2026-09-02T14:51:24","modified_gmt":"2026-09-02T12:51:24","slug":"si-pas-des-vacances","status":"publish","type":"post","link":"https:\/\/ligurealassio.it\/fr\/si-pas-des-vacances\/","title":{"rendered":"SI PAS DES VACANCES\u2026"},"content":{"rendered":"<h2 style=\"text-align: center;\"><strong>SI PAS DES VACANCES\u2026<br \/>\nAU MOINS UN WEEK\u2011END<\/strong><\/h2>\n<p style=\"text-align: center;\">Parfois, il suffit de peu pour retrouver son souffle : <strong>deux jours<\/strong>, une bonne cuisine, un peu de bien\u2011\u00eatre et la sensation d\u2019\u00eatre enfin ailleurs.<br \/>\nUn week\u2011end au Ligure, c\u2019est cela : un rythme plus calme, une attention sinc\u00e8re et <span tabindex=\"0\" role=\"button\" data-url=\"ca:\/\/s?q=Approfondisci_petits_details_qui_font_la_difference\">petits d\u00e9tails qui font la diff\u00e9rence<\/span>.<\/p>\n<p>&nbsp;<\/p>\n<h5><strong>Inclus dans le forfait<\/strong><\/h5>\n<ul>\n<li><strong><span tabindex=\"0\" role=\"button\" data-url=\"ca:\/\/s?q=Decrire_chambre_petit_dejeuner_FR\">Chambre avec petit\u2011d\u00e9jeuner complet<\/span><\/strong> \u2014 un r\u00e9veil soign\u00e9, lumineux, avec tout ce qu\u2019il faut pour bien commencer la journ\u00e9e.<\/li>\n<li><span tabindex=\"0\" role=\"button\" data-url=\"ca:\/\/s?q=Decrire_diner_Ligure_Blue_FR\">Chaque soir :<\/span><strong><span tabindex=\"0\" role=\"button\" data-url=\"ca:\/\/s?q=Decrire_diner_Ligure_Blue_FR\"> D\u00eener pour 2 au Ligure Blue Restaurant<\/span><\/strong> \u2014 cuisine de mer, de terre et options v\u00e9g\u00e9tariennes, dans une atmosph\u00e8re \u00e9l\u00e9gante et contemporaine.<\/li>\n<li><strong><span tabindex=\"0\" role=\"button\" data-url=\"ca:\/\/s?q=Decrire_cocktail_Ligure_Blue_FR\">Cocktail pour 2 au Ligure Blue Bar<\/span><\/strong> \u2014 un moment de style, parfait pour commencer la soir\u00e9e avec l\u00e9g\u00e8ret\u00e9.<\/li>\n<li><span tabindex=\"0\" role=\"button\" data-url=\"ca:\/\/s?q=Decrire_parcours_sensoriel_FR\">Chaque jour :<\/span><strong><span tabindex=\"0\" role=\"button\" data-url=\"ca:\/\/s?q=Decrire_parcours_sensoriel_FR\"> Acc\u00e8s au parcours sensoriel<\/span><\/strong> \u2014 un rituel de bien\u2011\u00eatre qui accompagne la d\u00e9tente.<\/li>\n<li><strong><span tabindex=\"0\" role=\"button\" data-url=\"ca:\/\/s?q=Decrire_massage_25_FR\">1 massage de 25 minutes pour 1 personne<\/span><\/strong> \u2014 un soin cibl\u00e9 pour rel\u00e2cher les tensions et retrouver \u00e9quilibre.<\/li>\n<\/ul>\n<div><\/div>\n<h5>Offre valable pour deux personnes aux p\u00e9riodes suivantes :<\/h5>\n<ul>\n<li><strong>du 19\/09 au 21\/09<\/strong> \u2014 check\u2011in samedi 19\/09 \u2014 <a href=\"https:\/\/www.simplebooking.it\/ibe2\/hotel\/4339\/package\/51038?lang=FR&amp;cur=EUR\"><span style=\"color: #008080;\"><strong><span tabindex=\"0\" role=\"button\" data-url=\"ca:\/\/s?q=Decouvrir_19_09_FR\">CLIQUEZ ET D\u00c9COUVREZ<\/span><\/strong><\/span><\/a><\/li>\n<li><strong>du 25\/09 au 27\/09<\/strong> \u2014 check\u2011in samedi 25\/09 \u2014 <a href=\"https:\/\/www.simplebooking.it\/ibe2\/hotel\/4339\/package\/75892?lang=FR&amp;cur=EUR\"><span style=\"color: #008080;\"><strong><span tabindex=\"0\" role=\"button\" data-url=\"ca:\/\/s?q=Decouvrir_25_09_FR\">CLIQUEZ ET D\u00c9COUVREZ<\/span><\/strong><\/span><\/a><\/li>\n<li><strong>entre le 09\/10 et le 12\/10<\/strong> \u2014 check\u2011in vendredi 09\/10 ou samedi 10\/10 \u2014 <a href=\"https:\/\/www.simplebooking.it\/ibe2\/hotel\/4339\/package\/64832?lang=FR&amp;cur=EUR\"><span style=\"color: #008080;\"><strong><span tabindex=\"0\" role=\"button\" data-url=\"ca:\/\/s?q=Decouvrir_09_10_FR\">CLIQUEZ ET D\u00c9COUVREZ<\/span><\/strong><\/span><\/a><\/li>\n<li><strong>2 jours au choix entre le 18\/10 et le 25\/10<\/strong> \u2014 check\u2011in entre le 18\/10 et le 23\/10 \u2014 <a href=\"https:\/\/www.simplebooking.it\/ibe2\/hotel\/4339\/package\/75893?lang=FR&amp;cur=EUR\"><span style=\"color: #008080;\"><strong><span tabindex=\"0\" role=\"button\" data-url=\"ca:\/\/s?q=Decouvrir_18_10_FR\">CLIQUEZ ET D\u00c9COUVREZ<\/span><\/strong><\/span><\/a><\/li>\n<\/ul>\n<div><\/div>\n<p style=\"text-align: center;\"><strong>Pour informations et r\u00e9servations<br \/>\n<\/strong>T\u00e9l.\u00a0 +39 0182 640653 de 8 \u00e0 21 heures ou \u00e9crire \u00e0 info@ligurealassio.it<\/p>\n","protected":false},"excerpt":{"rendered":"<p>SI PAS DES VACANCES\u2026 AU MOINS UN WEEK\u2011END Parfois, il suffit de peu pour retrouver son souffle : deux jours, une bonne cuisine, un peu de bien\u2011\u00eatre et la sensation d\u2019\u00eatre enfin ailleurs. Un week\u2011end au Ligure, c\u2019est cela : [&hellip;]<\/p>\n","protected":false},"author":2,"featured_media":32253,"comment_status":"closed","ping_status":"closed","sticky":false,"template":"","format":"standard","meta":{"footnotes":""},"categories":[1743,1742],"tags":[2863,2887,4075,2089,2865,2551,2053,2253],"class_list":["post-36600","post","type-post","status-publish","format-standard","has-post-thumbnail","hentry","category-hotel-fr","category-offres","tag-automne-a-la-mer","tag-autunno-al-mare-fr","tag-cocktail-bar","tag-massages","tag-parcours-sensoriel","tag-percorso-sensoriale-fr","tag-restaurant-gastronomique","tag-week-ends-a-la-mer"],"yoast_head":"<!-- This site is optimized with the Yoast SEO plugin v28.1 - https:\/\/yoast.com\/product\/yoast-seo-wordpress\/ -->\n<title>SI PAS DES VACANCES\u2026 - Hotel Ligure<\/title>\n<meta name=\"description\" content=\"Si ce n\u2019est pas des vacances\u2026 deux jours avec petit\u2011d\u00e9jeuner, d\u00eener, un ap\u00e9ritif, un massage et parcours sensoriel de la SOLARIA SPA\" \/>\n<meta name=\"robots\" content=\"index, follow, max-snippet:-1, max-image-preview:large, max-video-preview:-1\" \/>\n<link rel=\"canonical\" href=\"https:\/\/ligurealassio.it\/fr\/si-pas-des-vacances\/\" \/>\n<meta property=\"og:locale\" content=\"fr_FR\" \/>\n<meta property=\"og:type\" content=\"article\" \/>\n<meta property=\"og:title\" content=\"SI PAS DES VACANCES\u2026 - Hotel Ligure\" \/>\n<meta property=\"og:description\" content=\"Si ce n\u2019est pas des vacances\u2026 deux jours avec petit\u2011d\u00e9jeuner, d\u00eener, un ap\u00e9ritif, un massage et parcours sensoriel de la SOLARIA SPA\" \/>\n<meta property=\"og:url\" content=\"https:\/\/ligurealassio.it\/fr\/si-pas-des-vacances\/\" \/>\n<meta property=\"og:site_name\" content=\"Hotel Ligure\" \/>\n<meta property=\"article:publisher\" content=\"https:\/\/www.facebook.com\/people\/Hotel-Ligure-Alassio-\/100063594339291\/#\" \/>\n<meta property=\"article:published_time\" content=\"2026-09-02T11:16:41+00:00\" \/>\n<meta property=\"article:modified_time\" content=\"2026-09-02T12:51:24+00:00\" \/>\n<meta property=\"og:image\" content=\"https:\/\/ligurealassio.it\/wp-content\/uploads\/2026\/04\/ALASSIO-DONNA-ALLALBA-ESTATE.png\" \/>\n\t<meta property=\"og:image:width\" content=\"707\" \/>\n\t<meta property=\"og:image:height\" content=\"842\" \/>\n\t<meta property=\"og:image:type\" content=\"image\/png\" \/>\n<meta name=\"author\" content=\"ligurealassio\" \/>\n<meta name=\"twitter:card\" content=\"summary_large_image\" \/>\n<meta name=\"twitter:label1\" content=\"\u00c9crit par\" \/>\n\t<meta name=\"twitter:data1\" content=\"ligurealassio\" \/>\n\t<meta name=\"twitter:label2\" content=\"Dur\u00e9e de lecture estim\u00e9e\" \/>\n\t<meta name=\"twitter:data2\" content=\"2 minutes\" \/>\n<script type=\"application\/ld+json\" class=\"yoast-schema-graph\">{\"@context\":\"https:\\\/\\\/schema.org\",\"@graph\":[{\"@type\":\"Article\",\"@id\":\"https:\\\/\\\/ligurealassio.it\\\/fr\\\/si-pas-des-vacances\\\/#article\",\"isPartOf\":{\"@id\":\"https:\\\/\\\/ligurealassio.it\\\/fr\\\/si-pas-des-vacances\\\/\"},\"author\":{\"name\":\"ligurealassio\",\"@id\":\"https:\\\/\\\/ligurealassio.it\\\/fr\\\/#\\\/schema\\\/person\\\/fef872104d6bdfe8dafb4050ab6b94b8\"},\"headline\":\"SI PAS DES VACANCES\u2026\",\"datePublished\":\"2026-09-02T11:16:41+00:00\",\"dateModified\":\"2026-09-02T12:51:24+00:00\",\"mainEntityOfPage\":{\"@id\":\"https:\\\/\\\/ligurealassio.it\\\/fr\\\/si-pas-des-vacances\\\/\"},\"wordCount\":243,\"publisher\":{\"@id\":\"https:\\\/\\\/ligurealassio.it\\\/fr\\\/#organization\"},\"image\":{\"@id\":\"https:\\\/\\\/ligurealassio.it\\\/fr\\\/si-pas-des-vacances\\\/#primaryimage\"},\"thumbnailUrl\":\"https:\\\/\\\/ligurealassio.it\\\/wp-content\\\/uploads\\\/2026\\\/04\\\/ALASSIO-DONNA-ALLALBA-ESTATE.png\",\"keywords\":[\"AUTOMNE \u00e0 LA MER\",\"autunno al mare\",\"cocktail bar\",\"massages\",\"PARCOURS SENSORIEL\",\"percorso sensoriale\",\"restaurant gastronomique\",\"week-ends \u00e0 la mer\"],\"articleSection\":[\"Hotel\",\"Offres\"],\"inLanguage\":\"fr-FR\"},{\"@type\":\"WebPage\",\"@id\":\"https:\\\/\\\/ligurealassio.it\\\/fr\\\/si-pas-des-vacances\\\/\",\"url\":\"https:\\\/\\\/ligurealassio.it\\\/fr\\\/si-pas-des-vacances\\\/\",\"name\":\"SI PAS DES VACANCES\u2026 - Hotel Ligure\",\"isPartOf\":{\"@id\":\"https:\\\/\\\/ligurealassio.it\\\/fr\\\/#website\"},\"primaryImageOfPage\":{\"@id\":\"https:\\\/\\\/ligurealassio.it\\\/fr\\\/si-pas-des-vacances\\\/#primaryimage\"},\"image\":{\"@id\":\"https:\\\/\\\/ligurealassio.it\\\/fr\\\/si-pas-des-vacances\\\/#primaryimage\"},\"thumbnailUrl\":\"https:\\\/\\\/ligurealassio.it\\\/wp-content\\\/uploads\\\/2026\\\/04\\\/ALASSIO-DONNA-ALLALBA-ESTATE.png\",\"datePublished\":\"2026-09-02T11:16:41+00:00\",\"dateModified\":\"2026-09-02T12:51:24+00:00\",\"description\":\"Si ce n\u2019est pas des vacances\u2026 deux jours avec petit\u2011d\u00e9jeuner, d\u00eener, un ap\u00e9ritif, un massage et parcours sensoriel de la SOLARIA SPA\",\"breadcrumb\":{\"@id\":\"https:\\\/\\\/ligurealassio.it\\\/fr\\\/si-pas-des-vacances\\\/#breadcrumb\"},\"inLanguage\":\"fr-FR\",\"potentialAction\":[{\"@type\":\"ReadAction\",\"target\":[\"https:\\\/\\\/ligurealassio.it\\\/fr\\\/si-pas-des-vacances\\\/\"]}]},{\"@type\":\"ImageObject\",\"inLanguage\":\"fr-FR\",\"@id\":\"https:\\\/\\\/ligurealassio.it\\\/fr\\\/si-pas-des-vacances\\\/#primaryimage\",\"url\":\"https:\\\/\\\/ligurealassio.it\\\/wp-content\\\/uploads\\\/2026\\\/04\\\/ALASSIO-DONNA-ALLALBA-ESTATE.png\",\"contentUrl\":\"https:\\\/\\\/ligurealassio.it\\\/wp-content\\\/uploads\\\/2026\\\/04\\\/ALASSIO-DONNA-ALLALBA-ESTATE.png\",\"width\":707,\"height\":842,\"caption\":\"ALASSIO DONNA ALL'ALBA ESTATE\"},{\"@type\":\"BreadcrumbList\",\"@id\":\"https:\\\/\\\/ligurealassio.it\\\/fr\\\/si-pas-des-vacances\\\/#breadcrumb\",\"itemListElement\":[{\"@type\":\"ListItem\",\"position\":1,\"name\":\"Home\",\"item\":\"https:\\\/\\\/ligurealassio.it\\\/fr\\\/\"},{\"@type\":\"ListItem\",\"position\":2,\"name\":\"SI PAS DES VACANCES\u2026\"}]},{\"@type\":\"WebSite\",\"@id\":\"https:\\\/\\\/ligurealassio.it\\\/fr\\\/#website\",\"url\":\"https:\\\/\\\/ligurealassio.it\\\/fr\\\/\",\"name\":\"Hotel Ligure\",\"description\":\"\",\"publisher\":{\"@id\":\"https:\\\/\\\/ligurealassio.it\\\/fr\\\/#organization\"},\"potentialAction\":[{\"@type\":\"SearchAction\",\"target\":{\"@type\":\"EntryPoint\",\"urlTemplate\":\"https:\\\/\\\/ligurealassio.it\\\/fr\\\/?s={search_term_string}\"},\"query-input\":{\"@type\":\"PropertyValueSpecification\",\"valueRequired\":true,\"valueName\":\"search_term_string\"}}],\"inLanguage\":\"fr-FR\"},{\"@type\":\"Organization\",\"@id\":\"https:\\\/\\\/ligurealassio.it\\\/fr\\\/#organization\",\"name\":\"Hotel Ligure\",\"url\":\"https:\\\/\\\/ligurealassio.it\\\/fr\\\/\",\"logo\":{\"@type\":\"ImageObject\",\"inLanguage\":\"fr-FR\",\"@id\":\"https:\\\/\\\/ligurealassio.it\\\/fr\\\/#\\\/schema\\\/logo\\\/image\\\/\",\"url\":\"\",\"contentUrl\":\"\",\"caption\":\"Hotel Ligure\"},\"image\":{\"@id\":\"https:\\\/\\\/ligurealassio.it\\\/fr\\\/#\\\/schema\\\/logo\\\/image\\\/\"},\"sameAs\":[\"https:\\\/\\\/www.facebook.com\\\/people\\\/Hotel-Ligure-Alassio-\\\/100063594339291\\\/#\",\"https:\\\/\\\/www.instagram.com\\\/hotel_ligure_alassio\\\/\",\"https:\\\/\\\/it.pinterest.com\\\/ligurealassio\\\/\"]},{\"@type\":\"Person\",\"@id\":\"https:\\\/\\\/ligurealassio.it\\\/fr\\\/#\\\/schema\\\/person\\\/fef872104d6bdfe8dafb4050ab6b94b8\",\"name\":\"ligurealassio\",\"image\":{\"@type\":\"ImageObject\",\"inLanguage\":\"fr-FR\",\"@id\":\"https:\\\/\\\/secure.gravatar.com\\\/avatar\\\/bf101c59b8ccf81934d232eb202313066125434689da0bdbaa41ec6a6bd584a3?s=96&d=mm&r=g\",\"url\":\"https:\\\/\\\/secure.gravatar.com\\\/avatar\\\/bf101c59b8ccf81934d232eb202313066125434689da0bdbaa41ec6a6bd584a3?s=96&d=mm&r=g\",\"contentUrl\":\"https:\\\/\\\/secure.gravatar.com\\\/avatar\\\/bf101c59b8ccf81934d232eb202313066125434689da0bdbaa41ec6a6bd584a3?s=96&d=mm&r=g\",\"caption\":\"ligurealassio\"}}]}<\/script>\n<!-- \/ Yoast SEO plugin. -->","yoast_head_json":{"title":"SI PAS DES VACANCES\u2026 - Hotel Ligure","description":"Si ce n\u2019est pas des vacances\u2026 deux jours avec petit\u2011d\u00e9jeuner, d\u00eener, un ap\u00e9ritif, un massage et parcours sensoriel de la SOLARIA SPA","robots":{"index":"index","follow":"follow","max-snippet":"max-snippet:-1","max-image-preview":"max-image-preview:large","max-video-preview":"max-video-preview:-1"},"canonical":"https:\/\/ligurealassio.it\/fr\/si-pas-des-vacances\/","og_locale":"fr_FR","og_type":"article","og_title":"SI PAS DES VACANCES\u2026 - Hotel Ligure","og_description":"Si ce n\u2019est pas des vacances\u2026 deux jours avec petit\u2011d\u00e9jeuner, d\u00eener, un ap\u00e9ritif, un massage et parcours sensoriel de la SOLARIA SPA","og_url":"https:\/\/ligurealassio.it\/fr\/si-pas-des-vacances\/","og_site_name":"Hotel Ligure","article_publisher":"https:\/\/www.facebook.com\/people\/Hotel-Ligure-Alassio-\/100063594339291\/#","article_published_time":"2026-09-02T11:16:41+00:00","article_modified_time":"2026-09-02T12:51:24+00:00","og_image":[{"width":707,"height":842,"url":"https:\/\/ligurealassio.it\/wp-content\/uploads\/2026\/04\/ALASSIO-DONNA-ALLALBA-ESTATE.png","type":"image\/png"}],"author":"ligurealassio","twitter_card":"summary_large_image","twitter_misc":{"\u00c9crit par":"ligurealassio","Dur\u00e9e de lecture estim\u00e9e":"2 minutes"},"schema":{"@context":"https:\/\/schema.org","@graph":[{"@type":"Article","@id":"https:\/\/ligurealassio.it\/fr\/si-pas-des-vacances\/#article","isPartOf":{"@id":"https:\/\/ligurealassio.it\/fr\/si-pas-des-vacances\/"},"author":{"name":"ligurealassio","@id":"https:\/\/ligurealassio.it\/fr\/#\/schema\/person\/fef872104d6bdfe8dafb4050ab6b94b8"},"headline":"SI PAS DES VACANCES\u2026","datePublished":"2026-09-02T11:16:41+00:00","dateModified":"2026-09-02T12:51:24+00:00","mainEntityOfPage":{"@id":"https:\/\/ligurealassio.it\/fr\/si-pas-des-vacances\/"},"wordCount":243,"publisher":{"@id":"https:\/\/ligurealassio.it\/fr\/#organization"},"image":{"@id":"https:\/\/ligurealassio.it\/fr\/si-pas-des-vacances\/#primaryimage"},"thumbnailUrl":"https:\/\/ligurealassio.it\/wp-content\/uploads\/2026\/04\/ALASSIO-DONNA-ALLALBA-ESTATE.png","keywords":["AUTOMNE \u00e0 LA MER","autunno al mare","cocktail bar","massages","PARCOURS SENSORIEL","percorso sensoriale","restaurant gastronomique","week-ends \u00e0 la mer"],"articleSection":["Hotel","Offres"],"inLanguage":"fr-FR"},{"@type":"WebPage","@id":"https:\/\/ligurealassio.it\/fr\/si-pas-des-vacances\/","url":"https:\/\/ligurealassio.it\/fr\/si-pas-des-vacances\/","name":"SI PAS DES VACANCES\u2026 - Hotel Ligure","isPartOf":{"@id":"https:\/\/ligurealassio.it\/fr\/#website"},"primaryImageOfPage":{"@id":"https:\/\/ligurealassio.it\/fr\/si-pas-des-vacances\/#primaryimage"},"image":{"@id":"https:\/\/ligurealassio.it\/fr\/si-pas-des-vacances\/#primaryimage"},"thumbnailUrl":"https:\/\/ligurealassio.it\/wp-content\/uploads\/2026\/04\/ALASSIO-DONNA-ALLALBA-ESTATE.png","datePublished":"2026-09-02T11:16:41+00:00","dateModified":"2026-09-02T12:51:24+00:00","description":"Si ce n\u2019est pas des vacances\u2026 deux jours avec petit\u2011d\u00e9jeuner, d\u00eener, un ap\u00e9ritif, un massage et parcours sensoriel de la SOLARIA SPA","breadcrumb":{"@id":"https:\/\/ligurealassio.it\/fr\/si-pas-des-vacances\/#breadcrumb"},"inLanguage":"fr-FR","potentialAction":[{"@type":"ReadAction","target":["https:\/\/ligurealassio.it\/fr\/si-pas-des-vacances\/"]}]},{"@type":"ImageObject","inLanguage":"fr-FR","@id":"https:\/\/ligurealassio.it\/fr\/si-pas-des-vacances\/#primaryimage","url":"https:\/\/ligurealassio.it\/wp-content\/uploads\/2026\/04\/ALASSIO-DONNA-ALLALBA-ESTATE.png","contentUrl":"https:\/\/ligurealassio.it\/wp-content\/uploads\/2026\/04\/ALASSIO-DONNA-ALLALBA-ESTATE.png","width":707,"height":842,"caption":"ALASSIO DONNA ALL'ALBA ESTATE"},{"@type":"BreadcrumbList","@id":"https:\/\/ligurealassio.it\/fr\/si-pas-des-vacances\/#breadcrumb","itemListElement":[{"@type":"ListItem","position":1,"name":"Home","item":"https:\/\/ligurealassio.it\/fr\/"},{"@type":"ListItem","position":2,"name":"SI PAS DES VACANCES\u2026"}]},{"@type":"WebSite","@id":"https:\/\/ligurealassio.it\/fr\/#website","url":"https:\/\/ligurealassio.it\/fr\/","name":"Hotel Ligure","description":"","publisher":{"@id":"https:\/\/ligurealassio.it\/fr\/#organization"},"potentialAction":[{"@type":"SearchAction","target":{"@type":"EntryPoint","urlTemplate":"https:\/\/ligurealassio.it\/fr\/?s={search_term_string}"},"query-input":{"@type":"PropertyValueSpecification","valueRequired":true,"valueName":"search_term_string"}}],"inLanguage":"fr-FR"},{"@type":"Organization","@id":"https:\/\/ligurealassio.it\/fr\/#organization","name":"Hotel Ligure","url":"https:\/\/ligurealassio.it\/fr\/","logo":{"@type":"ImageObject","inLanguage":"fr-FR","@id":"https:\/\/ligurealassio.it\/fr\/#\/schema\/logo\/image\/","url":"","contentUrl":"","caption":"Hotel Ligure"},"image":{"@id":"https:\/\/ligurealassio.it\/fr\/#\/schema\/logo\/image\/"},"sameAs":["https:\/\/www.facebook.com\/people\/Hotel-Ligure-Alassio-\/100063594339291\/#","https:\/\/www.instagram.com\/hotel_ligure_alassio\/","https:\/\/it.pinterest.com\/ligurealassio\/"]},{"@type":"Person","@id":"https:\/\/ligurealassio.it\/fr\/#\/schema\/person\/fef872104d6bdfe8dafb4050ab6b94b8","name":"ligurealassio","image":{"@type":"ImageObject","inLanguage":"fr-FR","@id":"https:\/\/secure.gravatar.com\/avatar\/bf101c59b8ccf81934d232eb202313066125434689da0bdbaa41ec6a6bd584a3?s=96&d=mm&r=g","url":"https:\/\/secure.gravatar.com\/avatar\/bf101c59b8ccf81934d232eb202313066125434689da0bdbaa41ec6a6bd584a3?s=96&d=mm&r=g","contentUrl":"https:\/\/secure.gravatar.com\/avatar\/bf101c59b8ccf81934d232eb202313066125434689da0bdbaa41ec6a6bd584a3?s=96&d=mm&r=g","caption":"ligurealassio"}}]}},"_links":{"self":[{"href":"https:\/\/ligurealassio.it\/fr\/wp-json\/wp\/v2\/posts\/36600","targetHints":{"allow":["GET"]}}],"collection":[{"href":"https:\/\/ligurealassio.it\/fr\/wp-json\/wp\/v2\/posts"}],"about":[{"href":"https:\/\/ligurealassio.it\/fr\/wp-json\/wp\/v2\/types\/post"}],"author":[{"embeddable":true,"href":"https:\/\/ligurealassio.it\/fr\/wp-json\/wp\/v2\/users\/2"}],"replies":[{"embeddable":true,"href":"https:\/\/ligurealassio.it\/fr\/wp-json\/wp\/v2\/comments?post=36600"}],"version-history":[{"count":3,"href":"https:\/\/ligurealassio.it\/fr\/wp-json\/wp\/v2\/posts\/36600\/revisions"}],"predecessor-version":[{"id":36610,"href":"https:\/\/ligurealassio.it\/fr\/wp-json\/wp\/v2\/posts\/36600\/revisions\/36610"}],"wp:featuredmedia":[{"embeddable":true,"href":"https:\/\/ligurealassio.it\/fr\/wp-json\/wp\/v2\/media\/32253"}],"wp:attachment":[{"href":"https:\/\/ligurealassio.it\/fr\/wp-json\/wp\/v2\/media?parent=36600"}],"wp:term":[{"taxonomy":"category","embeddable":true,"href":"https:\/\/ligurealassio.it\/fr\/wp-json\/wp\/v2\/categories?post=36600"},{"taxonomy":"post_tag","embeddable":true,"href":"https:\/\/ligurealassio.it\/fr\/wp-json\/wp\/v2\/tags?post=36600"}],"curies":[{"name":"wp","href":"https:\/\/api.w.org\/{rel}","templated":true}]}}